{"id":2606,"date":"2023-06-26T15:09:12","date_gmt":"2023-06-26T14:09:12","guid":{"rendered":"https:\/\/www.qevsolutions.be\/nouvelles-regles-arei-pour-les-bornes-de-recharge\/"},"modified":"2024-02-21T17:16:01","modified_gmt":"2024-02-21T16:16:01","slug":"nouvelles-regles-arei-pour-les-bornes-de-recharge","status":"publish","type":"post","link":"https:\/\/www.qevsolutions.be\/fr\/nouvelles-regles-arei-pour-les-bornes-de-recharge\/","title":{"rendered":"Nouvelles r\u00e8gles Arei pour les bornes de recharge"},"content":{"rendered":"<div id=\"pl-gb2606-69f19c26d8490\"  class=\"panel-layout\" ><div id=\"pg-gb2606-69f19c26d8490-0\"  class=\"panel-grid panel-no-style\" ><div id=\"pgc-gb2606-69f19c26d8490-0-0\"  class=\"panel-grid-cell\" ><div id=\"panel-gb2606-69f19c26d8490-0-0-0\" class=\"so-panel widget widget_sow-editor panel-first-child panel-last-child\" data-index=\"0\" ><div\n\t\t\t\n\t\t\tclass=\"so-widget-sow-editor so-widget-sow-editor-base\"\n\t\t\t\n\t\t>\n<div class=\"siteorigin-widget-tinymce textwidget\">\n\t<p><strong>\u00c9quipements de recharge pour v\u00e9hicules routiers \u00e9lectriques<\/strong><\/p>\n<p>La conduite \u00e9lectrique est l\u2019avenir. Pour participer \u00e0 l\u2019histoire respectueuse de l\u2019environnement, l\u2019infrastructure de recharge n\u00e9cessaire doit \u00eatre fournie. C&rsquo;est pourquoi de plus en plus d&rsquo;efforts sont d\u00e9ploy\u00e9s pour installer des \u00e9quipements de recharge fixes, tant par les particuliers que par les entreprises. Bien entendu, un certain nombre de r\u00e9glementations techniques s&rsquo;appliquent \u00e9galement \u00e0 ce sujet.<\/p>\n<p>Un dispositif de recharge contient un ou plusieurs points de connexion par lesquels l&rsquo;\u00e9nergie est transf\u00e9r\u00e9e au v\u00e9hicule \u00e9lectrique. Dans le cas d&rsquo;un c\u00e2ble de charge connect\u00e9 en permanence, ce point de connexion se situe \u00e0 l&rsquo;extr\u00e9mit\u00e9 de ce c\u00e2ble. Dans les installations domestiques, dans la plupart des cas, il n&rsquo;y aura qu&rsquo;un seul chargeur, avec un seul point de connexion.<\/p>\n<\/div>\n<\/div><\/div><\/div><\/div><div id=\"pg-gb2606-69f19c26d8490-1\"  class=\"panel-grid panel-has-style\" ><div class=\"panel-row-style panel-row-style-for-gb2606-69f19c26d8490-1\" ><div id=\"pgc-gb2606-69f19c26d8490-1-0\"  class=\"panel-grid-cell\" ><div id=\"panel-gb2606-69f19c26d8490-1-0-0\" class=\"so-panel widget widget_sow-image panel-first-child panel-last-child\" data-index=\"1\" ><div\n\t\t\t\n\t\t\tclass=\"so-widget-sow-image so-widget-sow-image-default-8b5b6f678277-2606\"\n\t\t\t\n\t\t>\n<div class=\"sow-image-container\">\n\t\t<img \n\tsrc=\"https:\/\/www.qevsolutions.be\/wp-content\/uploads\/2022\/02\/qev-solutions-laadpas.webp\" width=\"560\" height=\"480\" srcset=\"https:\/\/www.qevsolutions.be\/wp-content\/uploads\/2022\/02\/qev-solutions-laadpas.webp 560w, https:\/\/www.qevsolutions.be\/wp-content\/uploads\/2022\/02\/qev-solutions-laadpas-300x257.webp 300w\" sizes=\"(max-width: 560px) 100vw, 560px\" alt=\"Laadpas elektrische wagen\" \t\tclass=\"so-widget-image\"\/>\n\t<\/div>\n\n<\/div><\/div><\/div><div id=\"pgc-gb2606-69f19c26d8490-1-1\"  class=\"panel-grid-cell\" ><div id=\"panel-gb2606-69f19c26d8490-1-1-0\" class=\"so-panel widget widget_sow-editor panel-first-child panel-last-child\" data-index=\"2\" ><div\n\t\t\t\n\t\t\tclass=\"so-widget-sow-editor so-widget-sow-editor-base\"\n\t\t\t\n\t\t>\n<div class=\"siteorigin-widget-tinymce textwidget\">\n\t<p><strong>Instructions d&rsquo;installation<\/strong><\/p>\n<p>Chaque point de connexion doit \u00eatre aliment\u00e9 via un circuit exclusivement attribu\u00e9. Les dispositifs de protection \u00e0 installer \u00e0 cet effet se trouvent dans l&rsquo;installation de chargement, soit dans le tableau de distribution en amont, soit dans une combinaison des deux. Concr\u00e8tement, cela concerne :<\/p>\n<p>Un dispositif individuel de protection contre les courants diff\u00e9rentiels avec un courant de r\u00e9ponse de 30 mA maximum<br \/>\nUn dispositif individuel de protection contre les surintensit\u00e9s (disjoncteur)<\/p>\n<\/div>\n<\/div><\/div><\/div><\/div><\/div><div id=\"pg-gb2606-69f19c26d8490-2\"  class=\"panel-grid panel-has-style\" ><div class=\"panel-row-style panel-row-style-for-gb2606-69f19c26d8490-2\" ><div id=\"pgc-gb2606-69f19c26d8490-2-0\"  class=\"panel-grid-cell\" ><div id=\"panel-gb2606-69f19c26d8490-2-0-0\" class=\"so-panel widget widget_sow-editor panel-first-child panel-last-child\" data-index=\"3\" ><div\n\t\t\t\n\t\t\tclass=\"so-widget-sow-editor so-widget-sow-editor-base\"\n\t\t\t\n\t\t>\n<div class=\"siteorigin-widget-tinymce textwidget\">\n\t<p>Lors de l&rsquo;installation, les influences ext\u00e9rieures attendues doivent \u00e9galement \u00eatre prises en compte. \u00c0 cet \u00e9gard, une protection contre les collisions doit \u00eatre assur\u00e9e d\u00e8s qu&rsquo;il existe un risque raisonnable de collision.<\/p>\n<p>Les instructions du fabricant doivent \u00e9galement toujours \u00eatre respect\u00e9es.<\/p>\n<\/div>\n<\/div><\/div><\/div><\/div><\/div><div id=\"pg-gb2606-69f19c26d8490-3\"  class=\"panel-grid panel-no-style\" ><div id=\"pgc-gb2606-69f19c26d8490-3-0\"  class=\"panel-grid-cell\" ><div id=\"panel-gb2606-69f19c26d8490-3-0-0\" class=\"so-panel widget widget_sow-editor panel-first-child panel-last-child\" data-index=\"4\" ><div\n\t\t\t\n\t\t\tclass=\"so-widget-sow-editor so-widget-sow-editor-base\"\n\t\t\t\n\t\t>\n<div class=\"siteorigin-widget-tinymce textwidget\">\n\t<p><strong>Courants de d\u00e9faut CD<\/strong><\/p>\n<p>Il semble que les chargeurs g\u00e9n\u00e8rent des courants de d\u00e9faut CC non n\u00e9gligeables. Bien entendu, l\u2019installation en amont, et plus particuli\u00e8rement les dispositifs de protection contre les courants diff\u00e9rentiels, doit pouvoir y r\u00e9sister. Un dispositif de protection contre le courant diff\u00e9rentiel de type A garantit un fonctionnement jusqu&rsquo;\u00e0 un maximum de 6 mA DC. Dans le cas de courants de d\u00e9faut CC plus importants, il est possible qu&rsquo;il soit rendu \u00ab\u00a0aveugle\u00a0\u00bb.<\/p>\n<\/div>\n<\/div><\/div><\/div><div id=\"pgc-gb2606-69f19c26d8490-3-1\"  class=\"panel-grid-cell\" ><div id=\"panel-gb2606-69f19c26d8490-3-1-0\" class=\"so-panel widget widget_sow-image panel-first-child panel-last-child\" data-index=\"5\" ><div\n\t\t\t\n\t\t\tclass=\"so-widget-sow-image so-widget-sow-image-default-8b5b6f678277-2606\"\n\t\t\t\n\t\t>\n<div class=\"sow-image-container\">\n\t\t<img \n\tsrc=\"https:\/\/www.qevsolutions.be\/wp-content\/uploads\/2022\/09\/puntos-carga-flotas.jpg\" width=\"1024\" height=\"683\" srcset=\"https:\/\/www.qevsolutions.be\/wp-content\/uploads\/2022\/09\/puntos-carga-flotas.jpg 1024w, https:\/\/www.qevsolutions.be\/wp-content\/uploads\/2022\/09\/puntos-carga-flotas-300x200.jpg 300w, https:\/\/www.qevsolutions.be\/wp-content\/uploads\/2022\/09\/puntos-carga-flotas-768x512.jpg 768w, https:\/\/www.qevsolutions.be\/wp-content\/uploads\/2022\/09\/puntos-carga-flotas-1536x1024.jpg 1536w, https:\/\/www.qevsolutions.be\/wp-content\/uploads\/2022\/09\/puntos-carga-flotas-2048x1365.jpg 2048w, https:\/\/www.qevsolutions.be\/wp-content\/uploads\/2022\/09\/puntos-carga-flotas-600x400.jpg 600w, https:\/\/www.qevsolutions.be\/wp-content\/uploads\/2022\/09\/puntos-carga-flotas-272x182.jpg 272w\" sizes=\"(max-width: 1024px) 100vw, 1024px\" alt=\"\" \t\tclass=\"so-widget-image\"\/>\n\t<\/div>\n\n<\/div><\/div><\/div><\/div><div id=\"pg-gb2606-69f19c26d8490-4\"  class=\"panel-grid panel-has-style\" ><div class=\"panel-row-style panel-row-style-for-gb2606-69f19c26d8490-4\" ><div id=\"pgc-gb2606-69f19c26d8490-4-0\"  class=\"panel-grid-cell\" ><div id=\"panel-gb2606-69f19c26d8490-4-0-0\" class=\"so-panel widget widget_sow-editor panel-first-child panel-last-child\" data-index=\"6\" ><div\n\t\t\t\n\t\t\tclass=\"so-widget-sow-editor so-widget-sow-editor-base\"\n\t\t\t\n\t\t>\n<div class=\"siteorigin-widget-tinymce textwidget\">\n\t<p>Pour y rem\u00e9dier, il existe plusieurs solutions :<\/p>\n<p>Le chemin de courant affect\u00e9 au point de raccordement est \u00e9quip\u00e9 d&rsquo;un dispositif de d\u00e9tection de courant continu r\u00e9siduel de 6 mA qui provoque l&rsquo;extinction de l&rsquo;\u00e9quipement \u00e9lectrique ;<br \/>\nLe chemin de courant attribu\u00e9 au point de connexion (et aux \u00e9ventuels dispositifs de protection contre le courant diff\u00e9rentiel en amont) est \u00e9quip\u00e9 d&rsquo;un dispositif de protection contre le courant diff\u00e9rentiel de type B.<br \/>\nD\u00e8s que plusieurs appareils de charge et\/ou plusieurs points de connexion sont pr\u00e9vus, l&rsquo;effet cumul\u00e9 de tous les courants DC possibles les courants de d\u00e9faut doivent \u00eatre pris en compte.<\/p>\n<\/div>\n<\/div><\/div><\/div><\/div><\/div><\/div>","protected":false},"excerpt":{"rendered":"<p>\u00c9quipements de recharge pour v\u00e9hicules routiers \u00e9lectriques La conduite \u00e9lectrique est l\u2019avenir. Pour participer \u00e0 l\u2019histoire respectueuse de l\u2019environnement, l\u2019infrastructure de recharge n\u00e9cessaire doit \u00eatre fournie. C&rsquo;est pourquoi de plus en plus d&rsquo;efforts sont d\u00e9ploy\u00e9s pour installer des \u00e9quipements de recharge fixes, tant par les particuliers que par les entreprises. Bien entendu, un certain nombre [&hellip;]<\/p>\n","protected":false},"author":1,"featured_media":707,"comment_status":"closed","ping_status":"closed","sticky":false,"template":"","format":"standard","meta":{"footnotes":""},"categories":[25],"tags":[],"class_list":["post-2606","post","type-post","status-publish","format-standard","has-post-thumbnail","hentry","category-non-classifiee"],"yoast_head":"<!-- This site is optimized with the Yoast SEO plugin v27.3 - https:\/\/yoast.com\/product\/yoast-seo-wordpress\/ -->\n<title>Nouvelles r\u00e8gles Arei pour les bornes de recharge - Q.Ev. Solutions and distributions<\/title>\n<meta name=\"robots\" content=\"index, follow, max-snippet:-1, max-image-preview:large, max-video-preview:-1\" \/>\n<link rel=\"canonical\" href=\"https:\/\/www.qevsolutions.be\/fr\/nouvelles-regles-arei-pour-les-bornes-de-recharge\/\" \/>\n<meta property=\"og:locale\" content=\"fr_FR\" \/>\n<meta property=\"og:type\" content=\"article\" \/>\n<meta property=\"og:title\" content=\"Nouvelles r\u00e8gles Arei pour les bornes de recharge - Q.Ev. Solutions and distributions\" \/>\n<meta property=\"og:description\" content=\"\u00c9quipements de recharge pour v\u00e9hicules routiers \u00e9lectriques La conduite \u00e9lectrique est l\u2019avenir. Pour participer \u00e0 l\u2019histoire respectueuse de l\u2019environnement, l\u2019infrastructure de recharge n\u00e9cessaire doit \u00eatre fournie. C&#039;est pourquoi de plus en plus d&#039;efforts sont d\u00e9ploy\u00e9s pour installer des \u00e9quipements de recharge fixes, tant par les particuliers que par les entreprises. Bien entendu, un certain nombre [&hellip;]\" \/>\n<meta property=\"og:url\" content=\"https:\/\/www.qevsolutions.be\/fr\/nouvelles-regles-arei-pour-les-bornes-de-recharge\/\" \/>\n<meta property=\"og:site_name\" content=\"Q.Ev. Solutions and distributions\" \/>\n<meta property=\"article:published_time\" content=\"2023-06-26T14:09:12+00:00\" \/>\n<meta property=\"article:modified_time\" content=\"2024-02-21T16:16:01+00:00\" \/>\n<meta property=\"og:image\" content=\"https:\/\/www.qevsolutions.be\/wp-content\/uploads\/2022\/02\/qev-solutions.webp\" \/>\n\t<meta property=\"og:image:width\" content=\"1900\" \/>\n\t<meta property=\"og:image:height\" content=\"843\" \/>\n\t<meta property=\"og:image:type\" content=\"image\/webp\" \/>\n<meta name=\"author\" content=\"Glen\" \/>\n<meta name=\"twitter:card\" content=\"summary_large_image\" \/>\n<meta name=\"twitter:label1\" content=\"\u00c9crit par\" \/>\n\t<meta name=\"twitter:data1\" content=\"Glen\" \/>\n\t<meta name=\"twitter:label2\" content=\"Dur\u00e9e de lecture estim\u00e9e\" \/>\n\t<meta name=\"twitter:data2\" content=\"2 minutes\" \/>\n<script type=\"application\/ld+json\" class=\"yoast-schema-graph\">{\"@context\":\"https:\\\/\\\/schema.org\",\"@graph\":[{\"@type\":\"Article\",\"@id\":\"https:\\\/\\\/www.qevsolutions.be\\\/fr\\\/nouvelles-regles-arei-pour-les-bornes-de-recharge\\\/#article\",\"isPartOf\":{\"@id\":\"https:\\\/\\\/www.qevsolutions.be\\\/fr\\\/nouvelles-regles-arei-pour-les-bornes-de-recharge\\\/\"},\"author\":{\"name\":\"Glen\",\"@id\":\"https:\\\/\\\/www.qevsolutions.be\\\/fr\\\/#\\\/schema\\\/person\\\/ad4a5dd7bb24a131dce6b2df9dadbfdf\"},\"headline\":\"Nouvelles r\u00e8gles Arei pour les bornes de recharge\",\"datePublished\":\"2023-06-26T14:09:12+00:00\",\"dateModified\":\"2024-02-21T16:16:01+00:00\",\"mainEntityOfPage\":{\"@id\":\"https:\\\/\\\/www.qevsolutions.be\\\/fr\\\/nouvelles-regles-arei-pour-les-bornes-de-recharge\\\/\"},\"wordCount\":338,\"image\":{\"@id\":\"https:\\\/\\\/www.qevsolutions.be\\\/fr\\\/nouvelles-regles-arei-pour-les-bornes-de-recharge\\\/#primaryimage\"},\"thumbnailUrl\":\"https:\\\/\\\/www.qevsolutions.be\\\/wp-content\\\/uploads\\\/2022\\\/02\\\/qev-solutions.webp\",\"articleSection\":[\"Non classifi\u00e9(e)\"],\"inLanguage\":\"fr-FR\"},{\"@type\":\"WebPage\",\"@id\":\"https:\\\/\\\/www.qevsolutions.be\\\/fr\\\/nouvelles-regles-arei-pour-les-bornes-de-recharge\\\/\",\"url\":\"https:\\\/\\\/www.qevsolutions.be\\\/fr\\\/nouvelles-regles-arei-pour-les-bornes-de-recharge\\\/\",\"name\":\"Nouvelles r\u00e8gles Arei pour les bornes de recharge - Q.Ev. Solutions and distributions\",\"isPartOf\":{\"@id\":\"https:\\\/\\\/www.qevsolutions.be\\\/fr\\\/#website\"},\"primaryImageOfPage\":{\"@id\":\"https:\\\/\\\/www.qevsolutions.be\\\/fr\\\/nouvelles-regles-arei-pour-les-bornes-de-recharge\\\/#primaryimage\"},\"image\":{\"@id\":\"https:\\\/\\\/www.qevsolutions.be\\\/fr\\\/nouvelles-regles-arei-pour-les-bornes-de-recharge\\\/#primaryimage\"},\"thumbnailUrl\":\"https:\\\/\\\/www.qevsolutions.be\\\/wp-content\\\/uploads\\\/2022\\\/02\\\/qev-solutions.webp\",\"datePublished\":\"2023-06-26T14:09:12+00:00\",\"dateModified\":\"2024-02-21T16:16:01+00:00\",\"author\":{\"@id\":\"https:\\\/\\\/www.qevsolutions.be\\\/fr\\\/#\\\/schema\\\/person\\\/ad4a5dd7bb24a131dce6b2df9dadbfdf\"},\"breadcrumb\":{\"@id\":\"https:\\\/\\\/www.qevsolutions.be\\\/fr\\\/nouvelles-regles-arei-pour-les-bornes-de-recharge\\\/#breadcrumb\"},\"inLanguage\":\"fr-FR\",\"potentialAction\":[{\"@type\":\"ReadAction\",\"target\":[\"https:\\\/\\\/www.qevsolutions.be\\\/fr\\\/nouvelles-regles-arei-pour-les-bornes-de-recharge\\\/\"]}]},{\"@type\":\"ImageObject\",\"inLanguage\":\"fr-FR\",\"@id\":\"https:\\\/\\\/www.qevsolutions.be\\\/fr\\\/nouvelles-regles-arei-pour-les-bornes-de-recharge\\\/#primaryimage\",\"url\":\"https:\\\/\\\/www.qevsolutions.be\\\/wp-content\\\/uploads\\\/2022\\\/02\\\/qev-solutions.webp\",\"contentUrl\":\"https:\\\/\\\/www.qevsolutions.be\\\/wp-content\\\/uploads\\\/2022\\\/02\\\/qev-solutions.webp\",\"width\":1900,\"height\":843,\"caption\":\"Elektrische auto laadkabel\"},{\"@type\":\"BreadcrumbList\",\"@id\":\"https:\\\/\\\/www.qevsolutions.be\\\/fr\\\/nouvelles-regles-arei-pour-les-bornes-de-recharge\\\/#breadcrumb\",\"itemListElement\":[{\"@type\":\"ListItem\",\"position\":1,\"name\":\"Home\",\"item\":\"https:\\\/\\\/www.qevsolutions.be\\\/fr\\\/\"},{\"@type\":\"ListItem\",\"position\":2,\"name\":\"Nouvelles r\u00e8gles Arei pour les bornes de recharge\"}]},{\"@type\":\"WebSite\",\"@id\":\"https:\\\/\\\/www.qevsolutions.be\\\/fr\\\/#website\",\"url\":\"https:\\\/\\\/www.qevsolutions.be\\\/fr\\\/\",\"name\":\"Q.Ev. Solutions and distributions\",\"description\":\"\",\"potentialAction\":[{\"@type\":\"SearchAction\",\"target\":{\"@type\":\"EntryPoint\",\"urlTemplate\":\"https:\\\/\\\/www.qevsolutions.be\\\/fr\\\/?s={search_term_string}\"},\"query-input\":{\"@type\":\"PropertyValueSpecification\",\"valueRequired\":true,\"valueName\":\"search_term_string\"}}],\"inLanguage\":\"fr-FR\"},{\"@type\":\"Person\",\"@id\":\"https:\\\/\\\/www.qevsolutions.be\\\/fr\\\/#\\\/schema\\\/person\\\/ad4a5dd7bb24a131dce6b2df9dadbfdf\",\"name\":\"Glen\",\"image\":{\"@type\":\"ImageObject\",\"inLanguage\":\"fr-FR\",\"@id\":\"https:\\\/\\\/secure.gravatar.com\\\/avatar\\\/97108d74be647c53ff97560b9532fedc8135ef7616d4673b799c5d4a77a42a44?s=96&d=mm&r=g\",\"url\":\"https:\\\/\\\/secure.gravatar.com\\\/avatar\\\/97108d74be647c53ff97560b9532fedc8135ef7616d4673b799c5d4a77a42a44?s=96&d=mm&r=g\",\"contentUrl\":\"https:\\\/\\\/secure.gravatar.com\\\/avatar\\\/97108d74be647c53ff97560b9532fedc8135ef7616d4673b799c5d4a77a42a44?s=96&d=mm&r=g\",\"caption\":\"Glen\"}}]}<\/script>\n<!-- \/ Yoast SEO plugin. -->","yoast_head_json":{"title":"Nouvelles r\u00e8gles Arei pour les bornes de recharge - Q.Ev. Solutions and distributions","robots":{"index":"index","follow":"follow","max-snippet":"max-snippet:-1","max-image-preview":"max-image-preview:large","max-video-preview":"max-video-preview:-1"},"canonical":"https:\/\/www.qevsolutions.be\/fr\/nouvelles-regles-arei-pour-les-bornes-de-recharge\/","og_locale":"fr_FR","og_type":"article","og_title":"Nouvelles r\u00e8gles Arei pour les bornes de recharge - Q.Ev. Solutions and distributions","og_description":"\u00c9quipements de recharge pour v\u00e9hicules routiers \u00e9lectriques La conduite \u00e9lectrique est l\u2019avenir. Pour participer \u00e0 l\u2019histoire respectueuse de l\u2019environnement, l\u2019infrastructure de recharge n\u00e9cessaire doit \u00eatre fournie. C'est pourquoi de plus en plus d'efforts sont d\u00e9ploy\u00e9s pour installer des \u00e9quipements de recharge fixes, tant par les particuliers que par les entreprises. Bien entendu, un certain nombre [&hellip;]","og_url":"https:\/\/www.qevsolutions.be\/fr\/nouvelles-regles-arei-pour-les-bornes-de-recharge\/","og_site_name":"Q.Ev. Solutions and distributions","article_published_time":"2023-06-26T14:09:12+00:00","article_modified_time":"2024-02-21T16:16:01+00:00","og_image":[{"width":1900,"height":843,"url":"https:\/\/www.qevsolutions.be\/wp-content\/uploads\/2022\/02\/qev-solutions.webp","type":"image\/webp"}],"author":"Glen","twitter_card":"summary_large_image","twitter_misc":{"\u00c9crit par":"Glen","Dur\u00e9e de lecture estim\u00e9e":"2 minutes"},"schema":{"@context":"https:\/\/schema.org","@graph":[{"@type":"Article","@id":"https:\/\/www.qevsolutions.be\/fr\/nouvelles-regles-arei-pour-les-bornes-de-recharge\/#article","isPartOf":{"@id":"https:\/\/www.qevsolutions.be\/fr\/nouvelles-regles-arei-pour-les-bornes-de-recharge\/"},"author":{"name":"Glen","@id":"https:\/\/www.qevsolutions.be\/fr\/#\/schema\/person\/ad4a5dd7bb24a131dce6b2df9dadbfdf"},"headline":"Nouvelles r\u00e8gles Arei pour les bornes de recharge","datePublished":"2023-06-26T14:09:12+00:00","dateModified":"2024-02-21T16:16:01+00:00","mainEntityOfPage":{"@id":"https:\/\/www.qevsolutions.be\/fr\/nouvelles-regles-arei-pour-les-bornes-de-recharge\/"},"wordCount":338,"image":{"@id":"https:\/\/www.qevsolutions.be\/fr\/nouvelles-regles-arei-pour-les-bornes-de-recharge\/#primaryimage"},"thumbnailUrl":"https:\/\/www.qevsolutions.be\/wp-content\/uploads\/2022\/02\/qev-solutions.webp","articleSection":["Non classifi\u00e9(e)"],"inLanguage":"fr-FR"},{"@type":"WebPage","@id":"https:\/\/www.qevsolutions.be\/fr\/nouvelles-regles-arei-pour-les-bornes-de-recharge\/","url":"https:\/\/www.qevsolutions.be\/fr\/nouvelles-regles-arei-pour-les-bornes-de-recharge\/","name":"Nouvelles r\u00e8gles Arei pour les bornes de recharge - Q.Ev. Solutions and distributions","isPartOf":{"@id":"https:\/\/www.qevsolutions.be\/fr\/#website"},"primaryImageOfPage":{"@id":"https:\/\/www.qevsolutions.be\/fr\/nouvelles-regles-arei-pour-les-bornes-de-recharge\/#primaryimage"},"image":{"@id":"https:\/\/www.qevsolutions.be\/fr\/nouvelles-regles-arei-pour-les-bornes-de-recharge\/#primaryimage"},"thumbnailUrl":"https:\/\/www.qevsolutions.be\/wp-content\/uploads\/2022\/02\/qev-solutions.webp","datePublished":"2023-06-26T14:09:12+00:00","dateModified":"2024-02-21T16:16:01+00:00","author":{"@id":"https:\/\/www.qevsolutions.be\/fr\/#\/schema\/person\/ad4a5dd7bb24a131dce6b2df9dadbfdf"},"breadcrumb":{"@id":"https:\/\/www.qevsolutions.be\/fr\/nouvelles-regles-arei-pour-les-bornes-de-recharge\/#breadcrumb"},"inLanguage":"fr-FR","potentialAction":[{"@type":"ReadAction","target":["https:\/\/www.qevsolutions.be\/fr\/nouvelles-regles-arei-pour-les-bornes-de-recharge\/"]}]},{"@type":"ImageObject","inLanguage":"fr-FR","@id":"https:\/\/www.qevsolutions.be\/fr\/nouvelles-regles-arei-pour-les-bornes-de-recharge\/#primaryimage","url":"https:\/\/www.qevsolutions.be\/wp-content\/uploads\/2022\/02\/qev-solutions.webp","contentUrl":"https:\/\/www.qevsolutions.be\/wp-content\/uploads\/2022\/02\/qev-solutions.webp","width":1900,"height":843,"caption":"Elektrische auto laadkabel"},{"@type":"BreadcrumbList","@id":"https:\/\/www.qevsolutions.be\/fr\/nouvelles-regles-arei-pour-les-bornes-de-recharge\/#breadcrumb","itemListElement":[{"@type":"ListItem","position":1,"name":"Home","item":"https:\/\/www.qevsolutions.be\/fr\/"},{"@type":"ListItem","position":2,"name":"Nouvelles r\u00e8gles Arei pour les bornes de recharge"}]},{"@type":"WebSite","@id":"https:\/\/www.qevsolutions.be\/fr\/#website","url":"https:\/\/www.qevsolutions.be\/fr\/","name":"Q.Ev. Solutions and distributions","description":"","potentialAction":[{"@type":"SearchAction","target":{"@type":"EntryPoint","urlTemplate":"https:\/\/www.qevsolutions.be\/fr\/?s={search_term_string}"},"query-input":{"@type":"PropertyValueSpecification","valueRequired":true,"valueName":"search_term_string"}}],"inLanguage":"fr-FR"},{"@type":"Person","@id":"https:\/\/www.qevsolutions.be\/fr\/#\/schema\/person\/ad4a5dd7bb24a131dce6b2df9dadbfdf","name":"Glen","image":{"@type":"ImageObject","inLanguage":"fr-FR","@id":"https:\/\/secure.gravatar.com\/avatar\/97108d74be647c53ff97560b9532fedc8135ef7616d4673b799c5d4a77a42a44?s=96&d=mm&r=g","url":"https:\/\/secure.gravatar.com\/avatar\/97108d74be647c53ff97560b9532fedc8135ef7616d4673b799c5d4a77a42a44?s=96&d=mm&r=g","contentUrl":"https:\/\/secure.gravatar.com\/avatar\/97108d74be647c53ff97560b9532fedc8135ef7616d4673b799c5d4a77a42a44?s=96&d=mm&r=g","caption":"Glen"}}]}},"_links":{"self":[{"href":"https:\/\/www.qevsolutions.be\/fr\/wp-json\/wp\/v2\/posts\/2606","targetHints":{"allow":["GET"]}}],"collection":[{"href":"https:\/\/www.qevsolutions.be\/fr\/wp-json\/wp\/v2\/posts"}],"about":[{"href":"https:\/\/www.qevsolutions.be\/fr\/wp-json\/wp\/v2\/types\/post"}],"author":[{"embeddable":true,"href":"https:\/\/www.qevsolutions.be\/fr\/wp-json\/wp\/v2\/users\/1"}],"replies":[{"embeddable":true,"href":"https:\/\/www.qevsolutions.be\/fr\/wp-json\/wp\/v2\/comments?post=2606"}],"version-history":[{"count":1,"href":"https:\/\/www.qevsolutions.be\/fr\/wp-json\/wp\/v2\/posts\/2606\/revisions"}],"predecessor-version":[{"id":2607,"href":"https:\/\/www.qevsolutions.be\/fr\/wp-json\/wp\/v2\/posts\/2606\/revisions\/2607"}],"wp:featuredmedia":[{"embeddable":true,"href":"https:\/\/www.qevsolutions.be\/fr\/wp-json\/wp\/v2\/media\/707"}],"wp:attachment":[{"href":"https:\/\/www.qevsolutions.be\/fr\/wp-json\/wp\/v2\/media?parent=2606"}],"wp:term":[{"taxonomy":"category","embeddable":true,"href":"https:\/\/www.qevsolutions.be\/fr\/wp-json\/wp\/v2\/categories?post=2606"},{"taxonomy":"post_tag","embeddable":true,"href":"https:\/\/www.qevsolutions.be\/fr\/wp-json\/wp\/v2\/tags?post=2606"}],"curies":[{"name":"wp","href":"https:\/\/api.w.org\/{rel}","templated":true}]}}