{"id":1074,"date":"2022-02-04T09:24:05","date_gmt":"2022-02-04T08:24:05","guid":{"rendered":"https:\/\/www.qevsolutions.be\/subsidies-voor-laadpalen\/"},"modified":"2025-04-18T14:48:31","modified_gmt":"2025-04-18T13:48:31","slug":"subventions-pour-les-bornes-de-recharge","status":"publish","type":"post","link":"https:\/\/www.qevsolutions.be\/fr\/subventions-pour-les-bornes-de-recharge\/","title":{"rendered":"Subventions pour les bornes de recharge"},"content":{"rendered":"<div id=\"pl-gb1074-69f49d367b377\"  class=\"panel-layout wp-block-siteorigin-panels-layout-block\" ><div id=\"pg-gb1074-69f49d367b377-0\"  class=\"panel-grid panel-has-style\" ><div class=\"panel-row-style panel-row-style-for-gb1074-69f49d367b377-0\" ><div id=\"pgc-gb1074-69f49d367b377-0-0\"  class=\"panel-grid-cell\" ><div id=\"panel-gb1074-69f49d367b377-0-0-0\" class=\"so-panel widget widget_sow-editor panel-first-child panel-last-child\" data-index=\"0\" ><div\n\t\t\t\n\t\t\tclass=\"so-widget-sow-editor so-widget-sow-editor-base\"\n\t\t\t\n\t\t>\n<div class=\"siteorigin-widget-tinymce textwidget\">\n\t<h1><strong>Pour les particuliers<\/strong><\/h1>\n<p>pour le moment rien n&rsquo;est pr\u00e9vu<\/p>\n<\/div>\n<\/div><\/div><\/div><\/div><\/div><div id=\"pg-gb1074-69f49d367b377-1\"  class=\"panel-grid panel-has-style\" ><div class=\"panel-row-style panel-row-style-for-gb1074-69f49d367b377-1\" ><div id=\"pgc-gb1074-69f49d367b377-1-0\"  class=\"panel-grid-cell\" ><div id=\"panel-gb1074-69f49d367b377-1-0-0\" class=\"so-panel widget widget_sow-editor panel-first-child panel-last-child\" data-index=\"1\" ><div\n\t\t\t\n\t\t\tclass=\"so-widget-sow-editor so-widget-sow-editor-base\"\n\t\t\t\n\t\t>\n<div class=\"siteorigin-widget-tinymce textwidget\">\n\t<h1><strong>Pour les entreprises<\/strong><\/h1>\n<p>\u00c9tant donn\u00e9 que les primes changent rapidement, nous vous renvoyons vers la page du SPF Finances o\u00f9 vous trouverez tout<\/p>\n<p>&nbsp;<\/p>\n<p>https:\/\/www.vlaanderen.be\/fiscaal-voordeel-voor-de-plaatsing-van-een-laadstation<\/p>\n<p>&nbsp;<\/p>\n<p>Pour les chargeurs non publics, vous pouvez toujours obtenir un \u00e9co-premium+, mais il y a des conditions strictes pour cela : vous devez avoir des camions ou des bus avec 0% d&rsquo;\u00e9missions et les chargeurs doivent avoir au moins 150KW. consultez les conditions aupr\u00e8s du SPF Finances<\/p>\n<\/div>\n<\/div><\/div><\/div><\/div><\/div><div id=\"pg-gb1074-69f49d367b377-2\"  class=\"panel-grid panel-no-style\" ><div id=\"pgc-gb1074-69f49d367b377-2-0\"  class=\"panel-grid-cell panel-grid-cell-empty\" ><\/div><\/div><div id=\"pg-gb1074-69f49d367b377-3\"  class=\"panel-grid panel-no-style\" ><div id=\"pgc-gb1074-69f49d367b377-3-0\"  class=\"panel-grid-cell panel-grid-cell-empty\" ><\/div><\/div><\/div>\n\n\n<p><\/p>\n","protected":false},"excerpt":{"rendered":"<p>Si vous achetez un chargeur avec placement professionnel entre le 1er septembre 2021 et le 31 ao\u00fbt 2024, vous avez droit \u00e0 une r\u00e9duction d\u2019imp\u00f4t<\/p>\n","protected":false},"author":1,"featured_media":643,"comment_status":"closed","ping_status":"closed","sticky":false,"template":"","format":"standard","meta":{"footnotes":""},"categories":[25],"tags":[],"class_list":["post-1074","post","type-post","status-publish","format-standard","has-post-thumbnail","hentry","category-non-classifiee"],"yoast_head":"<!-- This site is optimized with the Yoast SEO plugin v27.3 - https:\/\/yoast.com\/product\/yoast-seo-wordpress\/ -->\n<title>Subventions pour les bornes de recharge - Q.Ev. Solutions and distributions<\/title>\n<meta name=\"robots\" content=\"index, follow, max-snippet:-1, max-image-preview:large, max-video-preview:-1\" \/>\n<link rel=\"canonical\" href=\"https:\/\/www.qevsolutions.be\/fr\/subventions-pour-les-bornes-de-recharge\/\" \/>\n<meta property=\"og:locale\" content=\"fr_FR\" \/>\n<meta property=\"og:type\" content=\"article\" \/>\n<meta property=\"og:title\" content=\"Subventions pour les bornes de recharge - Q.Ev. Solutions and distributions\" \/>\n<meta property=\"og:description\" content=\"Si vous achetez un chargeur avec placement professionnel entre le 1er septembre 2021 et le 31 ao\u00fbt 2024, vous avez droit \u00e0 une r\u00e9duction d\u2019imp\u00f4t\" \/>\n<meta property=\"og:url\" content=\"https:\/\/www.qevsolutions.be\/fr\/subventions-pour-les-bornes-de-recharge\/\" \/>\n<meta property=\"og:site_name\" content=\"Q.Ev. Solutions and distributions\" \/>\n<meta property=\"article:published_time\" content=\"2022-02-04T08:24:05+00:00\" \/>\n<meta property=\"article:modified_time\" content=\"2025-04-18T13:48:31+00:00\" \/>\n<meta property=\"og:image\" content=\"https:\/\/www.qevsolutions.be\/wp-content\/uploads\/2022\/02\/q-ev-solutions-subsidies.webp\" \/>\n\t<meta property=\"og:image:width\" content=\"1024\" \/>\n\t<meta property=\"og:image:height\" content=\"516\" \/>\n\t<meta property=\"og:image:type\" content=\"image\/webp\" \/>\n<meta name=\"author\" content=\"Glen\" \/>\n<meta name=\"twitter:card\" content=\"summary_large_image\" \/>\n<meta name=\"twitter:label1\" content=\"\u00c9crit par\" \/>\n\t<meta name=\"twitter:data1\" content=\"Glen\" \/>\n\t<meta name=\"twitter:label2\" content=\"Dur\u00e9e de lecture estim\u00e9e\" \/>\n\t<meta name=\"twitter:data2\" content=\"1 minute\" \/>\n<script type=\"application\/ld+json\" class=\"yoast-schema-graph\">{\"@context\":\"https:\\\/\\\/schema.org\",\"@graph\":[{\"@type\":\"Article\",\"@id\":\"https:\\\/\\\/www.qevsolutions.be\\\/fr\\\/subventions-pour-les-bornes-de-recharge\\\/#article\",\"isPartOf\":{\"@id\":\"https:\\\/\\\/www.qevsolutions.be\\\/fr\\\/subventions-pour-les-bornes-de-recharge\\\/\"},\"author\":{\"name\":\"Glen\",\"@id\":\"https:\\\/\\\/www.qevsolutions.be\\\/fr\\\/#\\\/schema\\\/person\\\/ad4a5dd7bb24a131dce6b2df9dadbfdf\"},\"headline\":\"Subventions pour les bornes de recharge\",\"datePublished\":\"2022-02-04T08:24:05+00:00\",\"dateModified\":\"2025-04-18T13:48:31+00:00\",\"mainEntityOfPage\":{\"@id\":\"https:\\\/\\\/www.qevsolutions.be\\\/fr\\\/subventions-pour-les-bornes-de-recharge\\\/\"},\"wordCount\":6,\"image\":{\"@id\":\"https:\\\/\\\/www.qevsolutions.be\\\/fr\\\/subventions-pour-les-bornes-de-recharge\\\/#primaryimage\"},\"thumbnailUrl\":\"https:\\\/\\\/www.qevsolutions.be\\\/wp-content\\\/uploads\\\/2022\\\/02\\\/q-ev-solutions-subsidies.webp\",\"articleSection\":[\"Non classifi\u00e9(e)\"],\"inLanguage\":\"fr-FR\"},{\"@type\":\"WebPage\",\"@id\":\"https:\\\/\\\/www.qevsolutions.be\\\/fr\\\/subventions-pour-les-bornes-de-recharge\\\/\",\"url\":\"https:\\\/\\\/www.qevsolutions.be\\\/fr\\\/subventions-pour-les-bornes-de-recharge\\\/\",\"name\":\"Subventions pour les bornes de recharge - Q.Ev. Solutions and distributions\",\"isPartOf\":{\"@id\":\"https:\\\/\\\/www.qevsolutions.be\\\/fr\\\/#website\"},\"primaryImageOfPage\":{\"@id\":\"https:\\\/\\\/www.qevsolutions.be\\\/fr\\\/subventions-pour-les-bornes-de-recharge\\\/#primaryimage\"},\"image\":{\"@id\":\"https:\\\/\\\/www.qevsolutions.be\\\/fr\\\/subventions-pour-les-bornes-de-recharge\\\/#primaryimage\"},\"thumbnailUrl\":\"https:\\\/\\\/www.qevsolutions.be\\\/wp-content\\\/uploads\\\/2022\\\/02\\\/q-ev-solutions-subsidies.webp\",\"datePublished\":\"2022-02-04T08:24:05+00:00\",\"dateModified\":\"2025-04-18T13:48:31+00:00\",\"author\":{\"@id\":\"https:\\\/\\\/www.qevsolutions.be\\\/fr\\\/#\\\/schema\\\/person\\\/ad4a5dd7bb24a131dce6b2df9dadbfdf\"},\"breadcrumb\":{\"@id\":\"https:\\\/\\\/www.qevsolutions.be\\\/fr\\\/subventions-pour-les-bornes-de-recharge\\\/#breadcrumb\"},\"inLanguage\":\"fr-FR\",\"potentialAction\":[{\"@type\":\"ReadAction\",\"target\":[\"https:\\\/\\\/www.qevsolutions.be\\\/fr\\\/subventions-pour-les-bornes-de-recharge\\\/\"]}]},{\"@type\":\"ImageObject\",\"inLanguage\":\"fr-FR\",\"@id\":\"https:\\\/\\\/www.qevsolutions.be\\\/fr\\\/subventions-pour-les-bornes-de-recharge\\\/#primaryimage\",\"url\":\"https:\\\/\\\/www.qevsolutions.be\\\/wp-content\\\/uploads\\\/2022\\\/02\\\/q-ev-solutions-subsidies.webp\",\"contentUrl\":\"https:\\\/\\\/www.qevsolutions.be\\\/wp-content\\\/uploads\\\/2022\\\/02\\\/q-ev-solutions-subsidies.webp\",\"width\":1024,\"height\":516,\"caption\":\"Elektrisch rijden\"},{\"@type\":\"BreadcrumbList\",\"@id\":\"https:\\\/\\\/www.qevsolutions.be\\\/fr\\\/subventions-pour-les-bornes-de-recharge\\\/#breadcrumb\",\"itemListElement\":[{\"@type\":\"ListItem\",\"position\":1,\"name\":\"Home\",\"item\":\"https:\\\/\\\/www.qevsolutions.be\\\/fr\\\/\"},{\"@type\":\"ListItem\",\"position\":2,\"name\":\"Subventions pour les bornes de recharge\"}]},{\"@type\":\"WebSite\",\"@id\":\"https:\\\/\\\/www.qevsolutions.be\\\/fr\\\/#website\",\"url\":\"https:\\\/\\\/www.qevsolutions.be\\\/fr\\\/\",\"name\":\"Q.Ev. Solutions and distributions\",\"description\":\"\",\"potentialAction\":[{\"@type\":\"SearchAction\",\"target\":{\"@type\":\"EntryPoint\",\"urlTemplate\":\"https:\\\/\\\/www.qevsolutions.be\\\/fr\\\/?s={search_term_string}\"},\"query-input\":{\"@type\":\"PropertyValueSpecification\",\"valueRequired\":true,\"valueName\":\"search_term_string\"}}],\"inLanguage\":\"fr-FR\"},{\"@type\":\"Person\",\"@id\":\"https:\\\/\\\/www.qevsolutions.be\\\/fr\\\/#\\\/schema\\\/person\\\/ad4a5dd7bb24a131dce6b2df9dadbfdf\",\"name\":\"Glen\",\"image\":{\"@type\":\"ImageObject\",\"inLanguage\":\"fr-FR\",\"@id\":\"https:\\\/\\\/secure.gravatar.com\\\/avatar\\\/97108d74be647c53ff97560b9532fedc8135ef7616d4673b799c5d4a77a42a44?s=96&d=mm&r=g\",\"url\":\"https:\\\/\\\/secure.gravatar.com\\\/avatar\\\/97108d74be647c53ff97560b9532fedc8135ef7616d4673b799c5d4a77a42a44?s=96&d=mm&r=g\",\"contentUrl\":\"https:\\\/\\\/secure.gravatar.com\\\/avatar\\\/97108d74be647c53ff97560b9532fedc8135ef7616d4673b799c5d4a77a42a44?s=96&d=mm&r=g\",\"caption\":\"Glen\"}}]}<\/script>\n<!-- \/ Yoast SEO plugin. -->","yoast_head_json":{"title":"Subventions pour les bornes de recharge - Q.Ev. Solutions and distributions","robots":{"index":"index","follow":"follow","max-snippet":"max-snippet:-1","max-image-preview":"max-image-preview:large","max-video-preview":"max-video-preview:-1"},"canonical":"https:\/\/www.qevsolutions.be\/fr\/subventions-pour-les-bornes-de-recharge\/","og_locale":"fr_FR","og_type":"article","og_title":"Subventions pour les bornes de recharge - Q.Ev. Solutions and distributions","og_description":"Si vous achetez un chargeur avec placement professionnel entre le 1er septembre 2021 et le 31 ao\u00fbt 2024, vous avez droit \u00e0 une r\u00e9duction d\u2019imp\u00f4t","og_url":"https:\/\/www.qevsolutions.be\/fr\/subventions-pour-les-bornes-de-recharge\/","og_site_name":"Q.Ev. Solutions and distributions","article_published_time":"2022-02-04T08:24:05+00:00","article_modified_time":"2025-04-18T13:48:31+00:00","og_image":[{"width":1024,"height":516,"url":"https:\/\/www.qevsolutions.be\/wp-content\/uploads\/2022\/02\/q-ev-solutions-subsidies.webp","type":"image\/webp"}],"author":"Glen","twitter_card":"summary_large_image","twitter_misc":{"\u00c9crit par":"Glen","Dur\u00e9e de lecture estim\u00e9e":"1 minute"},"schema":{"@context":"https:\/\/schema.org","@graph":[{"@type":"Article","@id":"https:\/\/www.qevsolutions.be\/fr\/subventions-pour-les-bornes-de-recharge\/#article","isPartOf":{"@id":"https:\/\/www.qevsolutions.be\/fr\/subventions-pour-les-bornes-de-recharge\/"},"author":{"name":"Glen","@id":"https:\/\/www.qevsolutions.be\/fr\/#\/schema\/person\/ad4a5dd7bb24a131dce6b2df9dadbfdf"},"headline":"Subventions pour les bornes de recharge","datePublished":"2022-02-04T08:24:05+00:00","dateModified":"2025-04-18T13:48:31+00:00","mainEntityOfPage":{"@id":"https:\/\/www.qevsolutions.be\/fr\/subventions-pour-les-bornes-de-recharge\/"},"wordCount":6,"image":{"@id":"https:\/\/www.qevsolutions.be\/fr\/subventions-pour-les-bornes-de-recharge\/#primaryimage"},"thumbnailUrl":"https:\/\/www.qevsolutions.be\/wp-content\/uploads\/2022\/02\/q-ev-solutions-subsidies.webp","articleSection":["Non classifi\u00e9(e)"],"inLanguage":"fr-FR"},{"@type":"WebPage","@id":"https:\/\/www.qevsolutions.be\/fr\/subventions-pour-les-bornes-de-recharge\/","url":"https:\/\/www.qevsolutions.be\/fr\/subventions-pour-les-bornes-de-recharge\/","name":"Subventions pour les bornes de recharge - Q.Ev. Solutions and distributions","isPartOf":{"@id":"https:\/\/www.qevsolutions.be\/fr\/#website"},"primaryImageOfPage":{"@id":"https:\/\/www.qevsolutions.be\/fr\/subventions-pour-les-bornes-de-recharge\/#primaryimage"},"image":{"@id":"https:\/\/www.qevsolutions.be\/fr\/subventions-pour-les-bornes-de-recharge\/#primaryimage"},"thumbnailUrl":"https:\/\/www.qevsolutions.be\/wp-content\/uploads\/2022\/02\/q-ev-solutions-subsidies.webp","datePublished":"2022-02-04T08:24:05+00:00","dateModified":"2025-04-18T13:48:31+00:00","author":{"@id":"https:\/\/www.qevsolutions.be\/fr\/#\/schema\/person\/ad4a5dd7bb24a131dce6b2df9dadbfdf"},"breadcrumb":{"@id":"https:\/\/www.qevsolutions.be\/fr\/subventions-pour-les-bornes-de-recharge\/#breadcrumb"},"inLanguage":"fr-FR","potentialAction":[{"@type":"ReadAction","target":["https:\/\/www.qevsolutions.be\/fr\/subventions-pour-les-bornes-de-recharge\/"]}]},{"@type":"ImageObject","inLanguage":"fr-FR","@id":"https:\/\/www.qevsolutions.be\/fr\/subventions-pour-les-bornes-de-recharge\/#primaryimage","url":"https:\/\/www.qevsolutions.be\/wp-content\/uploads\/2022\/02\/q-ev-solutions-subsidies.webp","contentUrl":"https:\/\/www.qevsolutions.be\/wp-content\/uploads\/2022\/02\/q-ev-solutions-subsidies.webp","width":1024,"height":516,"caption":"Elektrisch rijden"},{"@type":"BreadcrumbList","@id":"https:\/\/www.qevsolutions.be\/fr\/subventions-pour-les-bornes-de-recharge\/#breadcrumb","itemListElement":[{"@type":"ListItem","position":1,"name":"Home","item":"https:\/\/www.qevsolutions.be\/fr\/"},{"@type":"ListItem","position":2,"name":"Subventions pour les bornes de recharge"}]},{"@type":"WebSite","@id":"https:\/\/www.qevsolutions.be\/fr\/#website","url":"https:\/\/www.qevsolutions.be\/fr\/","name":"Q.Ev. Solutions and distributions","description":"","potentialAction":[{"@type":"SearchAction","target":{"@type":"EntryPoint","urlTemplate":"https:\/\/www.qevsolutions.be\/fr\/?s={search_term_string}"},"query-input":{"@type":"PropertyValueSpecification","valueRequired":true,"valueName":"search_term_string"}}],"inLanguage":"fr-FR"},{"@type":"Person","@id":"https:\/\/www.qevsolutions.be\/fr\/#\/schema\/person\/ad4a5dd7bb24a131dce6b2df9dadbfdf","name":"Glen","image":{"@type":"ImageObject","inLanguage":"fr-FR","@id":"https:\/\/secure.gravatar.com\/avatar\/97108d74be647c53ff97560b9532fedc8135ef7616d4673b799c5d4a77a42a44?s=96&d=mm&r=g","url":"https:\/\/secure.gravatar.com\/avatar\/97108d74be647c53ff97560b9532fedc8135ef7616d4673b799c5d4a77a42a44?s=96&d=mm&r=g","contentUrl":"https:\/\/secure.gravatar.com\/avatar\/97108d74be647c53ff97560b9532fedc8135ef7616d4673b799c5d4a77a42a44?s=96&d=mm&r=g","caption":"Glen"}}]}},"_links":{"self":[{"href":"https:\/\/www.qevsolutions.be\/fr\/wp-json\/wp\/v2\/posts\/1074","targetHints":{"allow":["GET"]}}],"collection":[{"href":"https:\/\/www.qevsolutions.be\/fr\/wp-json\/wp\/v2\/posts"}],"about":[{"href":"https:\/\/www.qevsolutions.be\/fr\/wp-json\/wp\/v2\/types\/post"}],"author":[{"embeddable":true,"href":"https:\/\/www.qevsolutions.be\/fr\/wp-json\/wp\/v2\/users\/1"}],"replies":[{"embeddable":true,"href":"https:\/\/www.qevsolutions.be\/fr\/wp-json\/wp\/v2\/comments?post=1074"}],"version-history":[{"count":9,"href":"https:\/\/www.qevsolutions.be\/fr\/wp-json\/wp\/v2\/posts\/1074\/revisions"}],"predecessor-version":[{"id":2978,"href":"https:\/\/www.qevsolutions.be\/fr\/wp-json\/wp\/v2\/posts\/1074\/revisions\/2978"}],"wp:featuredmedia":[{"embeddable":true,"href":"https:\/\/www.qevsolutions.be\/fr\/wp-json\/wp\/v2\/media\/643"}],"wp:attachment":[{"href":"https:\/\/www.qevsolutions.be\/fr\/wp-json\/wp\/v2\/media?parent=1074"}],"wp:term":[{"taxonomy":"category","embeddable":true,"href":"https:\/\/www.qevsolutions.be\/fr\/wp-json\/wp\/v2\/categories?post=1074"},{"taxonomy":"post_tag","embeddable":true,"href":"https:\/\/www.qevsolutions.be\/fr\/wp-json\/wp\/v2\/tags?post=1074"}],"curies":[{"name":"wp","href":"https:\/\/api.w.org\/{rel}","templated":true}]}}